{"id":552,"date":"2026-01-26T09:09:05","date_gmt":"2026-01-26T08:09:05","guid":{"rendered":"https:\/\/www.cemestaimpuis.be\/?p=552"},"modified":"2026-04-17T08:26:47","modified_gmt":"2026-04-17T06:26:47","slug":"informations-inscription-en-1e-annee","status":"publish","type":"post","link":"http:\/\/cemestaimpuis.be\/?p=552","title":{"rendered":"Informations &#8211; inscription en premi\u00e8re ann\u00e9e"},"content":{"rendered":"\n<p class=\"has-text-align-center has-brown-color has-text-color has-link-color wp-elements-fe9fae7ae31df4756b585f4632ce1300\" style=\"font-size:25px;text-decoration:underline\"><br><br><strong>Soir\u00e9e d&rsquo;informations &#8211; Inscription en premi\u00e8re ann\u00e9e<\/strong><\/p>\n\n\n\n<p class=\"has-text-align-center has-black-color has-text-color has-link-color wp-elements-9301d6bad916ec9755dcad62daf6f929\" style=\"font-size:22px\">Vous avez manqu\u00e9 notre journ\u00e9e portes ouvertes ?<\/p>\n\n\n\n<p class=\"has-text-align-center has-black-color has-text-color has-link-color wp-elements-67f63ed72baf720f2a74a880152de834\" style=\"font-size:22px\">Vous souhaitez obtenir des informations compl\u00e9mentaires <br>quant \u00e0 la mise en place du tronc commun au CEME ?<\/p>\n\n\n\n<p class=\"has-text-align-center has-black-color has-text-color has-link-color wp-elements-1c3e9619e346320779d9d5c03a081af9\" style=\"font-size:22px\">Ces soir\u00e9es sont faites pour vous !<\/p>\n\n\n\n<p class=\"has-text-align-center has-green-color has-text-color has-link-color wp-elements-51de588b725c4c84ba5b3e6080c5b49e\" style=\"font-size:25px\"><strong>Entr\u00e9e libre.<br><\/strong><\/p>\n\n\n\n<div class=\"wp-block-columns is-layout-flex wp-container-core-columns-is-layout-9d6595d7 wp-block-columns-is-layout-flex\">\n<div class=\"wp-block-column is-layout-flow wp-block-column-is-layout-flow\"><div class=\"wp-block-image\">\n<figure class=\"aligncenter size-large\"><img fetchpriority=\"high\" decoding=\"async\" width=\"724\" height=\"1024\" src=\"http:\/\/www.cemestaimpuis.be\/wp-content\/uploads\/2026\/01\/Inscription-1e-724x1024.png\" alt=\"\" class=\"wp-image-590\" srcset=\"http:\/\/cemestaimpuis.be\/wp-content\/uploads\/2026\/01\/Inscription-1e-724x1024.png 724w, http:\/\/cemestaimpuis.be\/wp-content\/uploads\/2026\/01\/Inscription-1e-212x300.png 212w, http:\/\/cemestaimpuis.be\/wp-content\/uploads\/2026\/01\/Inscription-1e-768x1087.png 768w, http:\/\/cemestaimpuis.be\/wp-content\/uploads\/2026\/01\/Inscription-1e.png 954w\" sizes=\"(max-width: 724px) 100vw, 724px\" \/><\/figure>\n<\/div><\/div>\n\n\n\n<div class=\"wp-block-column is-layout-flow wp-block-column-is-layout-flow\"><div class=\"wp-block-image\">\n<figure class=\"aligncenter size-large\"><img decoding=\"async\" width=\"819\" height=\"1024\" src=\"http:\/\/www.cemestaimpuis.be\/wp-content\/uploads\/2026\/01\/Soiree-dinformations-819x1024.png\" alt=\"\" class=\"wp-image-591\" srcset=\"http:\/\/cemestaimpuis.be\/wp-content\/uploads\/2026\/01\/Soiree-dinformations-819x1024.png 819w, http:\/\/cemestaimpuis.be\/wp-content\/uploads\/2026\/01\/Soiree-dinformations-240x300.png 240w, http:\/\/cemestaimpuis.be\/wp-content\/uploads\/2026\/01\/Soiree-dinformations-768x960.png 768w, http:\/\/cemestaimpuis.be\/wp-content\/uploads\/2026\/01\/Soiree-dinformations.png 1080w\" sizes=\"(max-width: 819px) 100vw, 819px\" \/><\/figure>\n<\/div><\/div>\n<\/div>\n","protected":false},"excerpt":{"rendered":"<p>Soir\u00e9e d&rsquo;informations &#8211; Inscription en premi\u00e8re ann\u00e9e Vous avez manqu\u00e9<\/p>\n","protected":false},"author":1,"featured_media":590,"comment_status":"closed","ping_status":"closed","sticky":false,"template":"elementor_header_footer","format":"standard","meta":{"_jetpack_memberships_contains_paid_content":false,"footnotes":""},"categories":[1],"tags":[],"class_list":["post-552","post","type-post","status-publish","format-standard","has-post-thumbnail","hentry","category-non-classe"],"jetpack_featured_media_url":"http:\/\/cemestaimpuis.be\/wp-content\/uploads\/2026\/01\/Inscription-1e.png","jetpack_sharing_enabled":true,"_links":{"self":[{"href":"http:\/\/cemestaimpuis.be\/index.php?rest_route=\/wp\/v2\/posts\/552","targetHints":{"allow":["GET"]}}],"collection":[{"href":"http:\/\/cemestaimpuis.be\/index.php?rest_route=\/wp\/v2\/posts"}],"about":[{"href":"http:\/\/cemestaimpuis.be\/index.php?rest_route=\/wp\/v2\/types\/post"}],"author":[{"embeddable":true,"href":"http:\/\/cemestaimpuis.be\/index.php?rest_route=\/wp\/v2\/users\/1"}],"replies":[{"embeddable":true,"href":"http:\/\/cemestaimpuis.be\/index.php?rest_route=%2Fwp%2Fv2%2Fcomments&post=552"}],"version-history":[{"count":33,"href":"http:\/\/cemestaimpuis.be\/index.php?rest_route=\/wp\/v2\/posts\/552\/revisions"}],"predecessor-version":[{"id":616,"href":"http:\/\/cemestaimpuis.be\/index.php?rest_route=\/wp\/v2\/posts\/552\/revisions\/616"}],"wp:featuredmedia":[{"embeddable":true,"href":"http:\/\/cemestaimpuis.be\/index.php?rest_route=\/wp\/v2\/media\/590"}],"wp:attachment":[{"href":"http:\/\/cemestaimpuis.be\/index.php?rest_route=%2Fwp%2Fv2%2Fmedia&parent=552"}],"wp:term":[{"taxonomy":"category","embeddable":true,"href":"http:\/\/cemestaimpuis.be\/index.php?rest_route=%2Fwp%2Fv2%2Fcategories&post=552"},{"taxonomy":"post_tag","embeddable":true,"href":"http:\/\/cemestaimpuis.be\/index.php?rest_route=%2Fwp%2Fv2%2Ftags&post=552"}],"curies":[{"name":"wp","href":"https:\/\/api.w.org\/{rel}","templated":true}]}}